{"id":14337,"date":"2025-12-16T10:10:21","date_gmt":"2025-12-16T09:10:21","guid":{"rendered":"https:\/\/alpinepro.com\/aktuelles\/olympische-kollektion-mailand-cortina-2026\/"},"modified":"2026-02-03T14:59:04","modified_gmt":"2026-02-03T13:59:04","slug":"olympische-kollektion-mailand-cortina-2026","status":"publish","type":"post","link":"https:\/\/alpinepro.com\/de\/aktuelles\/olympische-kollektion-mailand-cortina-2026\/","title":{"rendered":"Olympische Kollektion Mailand-Cortina 2026"},"content":{"rendered":"<style>.elementor-14337 .elementor-element.elementor-element-b0c12ee{--display:flex;--flex-direction:row;--container-widget-width:initial;--container-widget-height:100%;--container-widget-flex-grow:1;--container-widget-align-self:stretch;--flex-wrap-mobile:wrap;--justify-content:center;--gap:0px 0px;--row-gap:0px;--column-gap:0px;--padding-top:20px;--padding-bottom:40px;--padding-left:0px;--padding-right:0px;}.elementor-14337 .elementor-element.elementor-element-44c4285{--display:flex;--flex-direction:column;--container-widget-width:calc( ( 1 - var( --container-widget-flex-grow ) ) * 100% );--container-widget-height:initial;--container-widget-flex-grow:0;--container-widget-align-self:initial;--flex-wrap-mobile:wrap;--align-items:center;}.elementor-14337 .elementor-element.elementor-element-413649b{--display:flex;--flex-direction:row;--container-widget-width:initial;--container-widget-height:100%;--container-widget-flex-grow:1;--container-widget-align-self:stretch;--flex-wrap-mobile:wrap;--gap:0px 0px;--row-gap:0px;--column-gap:0px;--padding-top:20px;--padding-bottom:40px;--padding-left:0px;--padding-right:0px;}.elementor-14337 .elementor-element.elementor-element-413649b.e-con{--flex-grow:0;--flex-shrink:0;}.elementor-14337 .elementor-element.elementor-element-73ed6ab{--display:flex;--flex-direction:column;--container-widget-width:100%;--container-widget-height:initial;--container-widget-flex-grow:0;--container-widget-align-self:initial;--flex-wrap-mobile:wrap;}.elementor-14337 .elementor-element.elementor-element-ad01078 .jeg-elementor-kit.jkit-post-date{text-align:left;}.elementor-14337 .elementor-element.elementor-element-ad954a3 .jeg-elementor-kit.jkit-button{text-align:left;}.elementor-14337 .elementor-element.elementor-element-ad954a3 .jeg-elementor-kit.jkit-button .jkit-button-wrapper{width:250px;padding:20px 10px 20px 10px;font-family:var( --e-global-typography-2dd2fe4-font-family ), Sans-serif;font-size:var( --e-global-typography-2dd2fe4-font-size );font-weight:var( --e-global-typography-2dd2fe4-font-weight );text-transform:var( --e-global-typography-2dd2fe4-text-transform );font-style:var( --e-global-typography-2dd2fe4-font-style );text-decoration:var( --e-global-typography-2dd2fe4-text-decoration );line-height:var( --e-global-typography-2dd2fe4-line-height );letter-spacing:var( --e-global-typography-2dd2fe4-letter-spacing );word-spacing:var( --e-global-typography-2dd2fe4-word-spacing );color:var( --e-global-color-a118909 );background-color:#0E4097;border-radius:0px 0px 0px 0px;}.elementor-14337 .elementor-element.elementor-element-ad954a3 .jeg-elementor-kit.jkit-button .jkit-button-wrapper svg{fill:var( --e-global-color-a118909 );}.elementor-14337 .elementor-element.elementor-element-ad954a3 .jeg-elementor-kit.jkit-button .jkit-button-wrapper:hover{color:#0E4097;}.elementor-14337 .elementor-element.elementor-element-ad954a3 .jeg-elementor-kit.jkit-button .jkit-button-wrapper:hover svg{fill:#0E4097;}.elementor-14337 .elementor-element.elementor-element-ad954a3 .jeg-elementor-kit.jkit-button .jkit-button-wrapper:not(.hover-gradient):hover, .elementor-14337 .elementor-element.elementor-element-ad954a3 .jeg-elementor-kit.jkit-button .jkit-button-wrapper.hover-gradient:before{background-color:var( --e-global-color-a118909 );}.elementor-14337 .elementor-element.elementor-element-ad954a3 .jeg-elementor-kit.jkit-button.icon-position-before .jkit-button-wrapper i, .elementor-14337 .elementor-element.elementor-element-ad954a3 .jeg-elementor-kit.jkit-button.icon-position-before .jkit-button-wrapper svg{margin-right:5px;}.elementor-14337 .elementor-element.elementor-element-ad954a3 .jeg-elementor-kit.jkit-button.icon-position-after .jkit-button-wrapper i, .elementor-14337 .elementor-element.elementor-element-ad954a3 .jeg-elementor-kit.jkit-button.icon-position-after .jkit-button-wrapper svg{margin-left:5px;}.elementor-14337 .elementor-element.elementor-element-ad954a3 > .elementor-widget-container{margin:5px 5px 5px 5px;padding:0px 0px 0px 0px;}.elementor-14337 .elementor-element.elementor-element-ad954a3{width:auto;max-width:auto;align-self:center;}.elementor-14337 .elementor-element.elementor-element-14bd5c2{--display:flex;--flex-direction:column;--container-widget-width:100%;--container-widget-height:initial;--container-widget-flex-grow:0;--container-widget-align-self:initial;--flex-wrap-mobile:wrap;}.elementor-14337 .elementor-element.elementor-element-6e812d6 .jeg-elementor-kit.jkit-gallery .gallery-items .gallery-item-wrap .grid-item .caption-wrap{transition:500ms;}.elementor-14337 .elementor-element.elementor-element-6e812d6 .jeg-elementor-kit.jkit-gallery .gallery-items .gallery-item-wrap .grid-item .caption-wrap.style-overlay.overlay-slide .item-caption-over .item-title{transition:500ms;}.elementor-14337 .elementor-element.elementor-element-6e812d6 .jeg-elementor-kit.jkit-gallery .gallery-items .gallery-item-wrap .grid-item .caption-wrap.style-overlay.overlay-slide .item-caption-over .item-content{transition:500ms;}.elementor-14337 .elementor-element.elementor-element-6e812d6 .jeg-elementor-kit.jkit-gallery .gallery-items .gallery-item-wrap .grid-item .caption-wrap.style-overlay.overlay-zoom .item-caption-over{transition:500ms;}.elementor-14337 .elementor-element.elementor-element-6e812d6 .jeg-elementor-kit.jkit-gallery .gallery-items .gallery-item-wrap .grid-item .caption-wrap.style-overlay .item-caption-over{text-align:center;}.elementor-14337 .elementor-element.elementor-element-6e812d6 .jeg-elementor-kit.jkit-gallery .gallery-items .gallery-item-wrap:hover .grid-item .video-wrap a{transition:500ms;}@media(max-width:1024px){.elementor-14337 .elementor-element.elementor-element-ad954a3 .jeg-elementor-kit.jkit-button .jkit-button-wrapper{width:190px;font-size:var( --e-global-typography-2dd2fe4-font-size );line-height:var( --e-global-typography-2dd2fe4-line-height );letter-spacing:var( --e-global-typography-2dd2fe4-letter-spacing );word-spacing:var( --e-global-typography-2dd2fe4-word-spacing );}}@media(min-width:768px){.elementor-14337 .elementor-element.elementor-element-44c4285{--width:100%;}.elementor-14337 .elementor-element.elementor-element-413649b{--width:90%;}.elementor-14337 .elementor-element.elementor-element-73ed6ab{--width:65%;}.elementor-14337 .elementor-element.elementor-element-14bd5c2{--width:50%;}}@media(max-width:767px){.elementor-14337 .elementor-element.elementor-element-413649b{--width:531px;}.elementor-14337 .elementor-element.elementor-element-ad954a3 .jeg-elementor-kit.jkit-button{text-align:left;}.elementor-14337 .elementor-element.elementor-element-ad954a3 .jeg-elementor-kit.jkit-button .jkit-button-wrapper{width:180px;font-size:var( --e-global-typography-2dd2fe4-font-size );line-height:var( --e-global-typography-2dd2fe4-line-height );letter-spacing:var( --e-global-typography-2dd2fe4-letter-spacing );word-spacing:var( --e-global-typography-2dd2fe4-word-spacing );}}.elementor-element.elementor-element-6e812d6 .jeg-elementor-kit.jkit-gallery .gallery-items .gallery-item-wrap { width: calc(100% \/ 2 ); float: left; }<\/style>\t\t<div data-elementor-type=\"wp-post\" data-elementor-id=\"14337\" class=\"elementor elementor-14337 elementor-14308\">\n\t\t\t\t<div class=\"elementor-element elementor-element-b0c12ee e-flex e-con-boxed e-con e-parent\" data-id=\"b0c12ee\" data-element_type=\"container\" data-e-type=\"container\">\n\t\t\t\t\t<div class=\"e-con-inner\">\n\t\t<div class=\"elementor-element elementor-element-44c4285 e-con-full e-flex e-con e-child\" data-id=\"44c4285\" data-element_type=\"container\" data-e-type=\"container\">\n\t\t\t\t<div class=\"elementor-element elementor-element-a86689a elementor-widget elementor-widget-image\" data-id=\"a86689a\" data-element_type=\"widget\" data-e-type=\"widget\" data-widget_type=\"image.default\">\n\t\t\t\t<div class=\"elementor-widget-container\">\n\t\t\t\t\t\t\t\t\t\t\t\t\t\t\t\t<a href=\"https:\/\/alpinepro.com\/wp-content\/uploads\/2025\/12\/alpine-pro-olympic-colection-2025-scaled.jpg\" data-elementor-open-lightbox=\"yes\" data-elementor-lightbox-title=\"alpine-pro-olympic-colection-2025\" data-e-action-hash=\"#elementor-action%3Aaction%3Dlightbox%26settings%3DeyJpZCI6MTQyOTksInVybCI6Imh0dHBzOlwvXC9hbHBpbmVwcm8uY29tXC93cC1jb250ZW50XC91cGxvYWRzXC8yMDI1XC8xMlwvYWxwaW5lLXByby1vbHltcGljLWNvbGVjdGlvbi0yMDI1LXNjYWxlZC5qcGcifQ%3D%3D\">\n\t\t\t\t\t\t\t<img fetchpriority=\"high\" decoding=\"async\" width=\"2560\" height=\"1104\" src=\"https:\/\/alpinepro.com\/wp-content\/uploads\/2025\/12\/alpine-pro-olympic-colection-2025-scaled.jpg\" class=\"attachment-full size-full wp-image-14299\" alt=\"\" srcset=\"https:\/\/alpinepro.com\/wp-content\/uploads\/2025\/12\/alpine-pro-olympic-colection-2025-scaled.jpg 2560w, https:\/\/alpinepro.com\/wp-content\/uploads\/2025\/12\/alpine-pro-olympic-colection-2025-300x129.jpg 300w, https:\/\/alpinepro.com\/wp-content\/uploads\/2025\/12\/alpine-pro-olympic-colection-2025-1024x442.jpg 1024w, https:\/\/alpinepro.com\/wp-content\/uploads\/2025\/12\/alpine-pro-olympic-colection-2025-768x331.jpg 768w, https:\/\/alpinepro.com\/wp-content\/uploads\/2025\/12\/alpine-pro-olympic-colection-2025-1536x662.jpg 1536w, https:\/\/alpinepro.com\/wp-content\/uploads\/2025\/12\/alpine-pro-olympic-colection-2025-2048x883.jpg 2048w\" sizes=\"(max-width: 2560px) 100vw, 2560px\" \/>\t\t\t\t\t\t\t\t<\/a>\n\t\t\t\t\t\t\t\t\t\t\t\t\t\t\t<\/div>\n\t\t\t\t<\/div>\n\t\t\t\t<\/div>\n\t\t\t\t\t<\/div>\n\t\t\t\t<\/div>\n\t\t<div class=\"elementor-element elementor-element-413649b e-con-full e-flex e-con e-parent\" data-id=\"413649b\" data-element_type=\"container\" data-e-type=\"container\">\n\t\t<div class=\"elementor-element elementor-element-73ed6ab e-con-full e-flex e-con e-child\" data-id=\"73ed6ab\" data-element_type=\"container\" data-e-type=\"container\">\n\t\t\t\t<div class=\"elementor-element elementor-element-193f2e5 elementor-widget elementor-widget-text-editor\" data-id=\"193f2e5\" data-element_type=\"widget\" data-e-type=\"widget\" data-widget_type=\"text-editor.default\">\n\t\t\t\t<div class=\"elementor-widget-container\">\n\t\t\t\t\t\t\t\t\t<p><strong>Die neue tschechische Olympia-Kollektion f\u00fcr die Winterspiele in Mailand und Cortina 2026 verbindet Retro-Inspirationen aus Cortina 1956 mit k\u00fcnstlerischen Motiven des Grafikers Vojt\u011bch Preissig.<\/strong> Strickpullover, Winterjacken, Sweatshirts und Zubeh\u00f6r bieten ein einzigartiges Design, das sowohl Sportler als auch Fans zu sch\u00e4tzen wissen. Die Kollektion kn\u00fcpft an die Tradition tschechischer K\u00fcnstler in olympischen Kollektionen an und bietet eine Kombination aus Stil, sportlicher Eleganz und Sammlerst\u00fccken. <\/p><h3>Cortina 1956 Retro-Inspiration<\/h3><p>Die Inspiration f\u00fcr die Kollektion f\u00fcr die XXV. Olympischen Winterspiele in Milano und Cortina 2026 stammt aus den Ereignissen<strong> in Cortina 1956<\/strong>. Damals fanden die <strong>Olympischen Winterspiele zum ersten Mal im Land der Mode statt <\/strong>und wurden auch <strong>zum ersten Mal im Fernsehen \u00fcbertragen<\/strong>. Sie gingen nicht nur aufgrund ihrer sportlichen Leistungen, sondern auch aufgrund ihres Stils in die Geschichte ein. Der Pullover mit auff\u00e4lligen Mustern wurde zu einem Sammlerst\u00fcck, das Designliebhaber bis heute fasziniert. An diese Tradition kn\u00fcpft nun auch die tschechische Olympia-Kollektion an. Der Strickpullover wird nicht nur von unseren Sportlern getragen, sondern auch von Fans, die ihn bereits jetzt<a href=\"https:\/\/www.alpinepro.cz\/olympijska-kolekce\/\"> kaufen k\u00f6nnen<\/a>!     <\/p><h3>Ber\u00fchmter tschechischer Grafikdesigner Vojt\u011bch Preissig<\/h3><p>Au\u00dfer dem Retro-Stil basiert die Olympia-Kollektion traditionell auch auf einem k\u00fcnstlerischen Motiv. Dieses Mal haben wir uns von den Werken des Grafikdesigners Vojt\u011bch Preissig (1873 &#8211; 1944) inspirieren lassen, dessen Arbeit das gesamte tschechische Schaffen beeinflusst hat. F\u00fcnf kleine Ornamente, die Teil der von Vojt\u011bch Preissig entworfenen Schriftarten sind, ziehen sich in verschiedenen Ausf\u00fchrungen durch die gesamte Kollektion und bilden zusammen ein Gesamtbild. Bei Vergr\u00f6\u00dferung und separater Verwendung kommt ihre <strong>originelle und unverwechselbare Zeichnung<\/strong> besonders gut zur Wirkung. Darin l\u00e4sst sich eine gewisse Parallele zur Leistung eines Sportlers sehen, die sich ebenfalls aus vielen, f\u00fcr den Zuschauer oft nicht wahrnehmbaren Details zusammensetzt. Diese bilden nicht nur die sportliche Leistung, sondern symbolisieren auch die Rollen der einzelnen Teammitglieder, die f\u00fcr das Gesamtergebnis entscheidend sind.    <\/p><h2>Die Tradition wird fortgesetzt<\/h2><p>Mit der Verwendung von Preissigs Ornamenten<strong> kn\u00fcpfen wir an fr\u00fchere Kollektionen f\u00fcr die Olympischen Spiele an<\/strong>, die von bedeutenden <strong>tschechischen K\u00fcnstlern<\/strong> wie <strong>Vladim\u00edr Boudn\u00edk<\/strong> (2024), <strong>Alfons Mucha<\/strong> (2014) oder <strong>Franti\u0161ek Kupka<\/strong> (2012) inspiriert waren. Die Ornamente wurden vom akademischen Maler <strong>Milan Jaro\u0161<\/strong> entworfen und von der ALPINE PRO-Designerin <strong>Ane\u017eka Bereckov\u00e1<\/strong> in die Kollektion \u00fcbernommen. <\/p><p>Neben den erw\u00e4hnten <strong>Retro-Elementen <\/strong>geh\u00f6rt auch die <strong>traditionelle<a href=\"https:\/\/www.alpinepro.cz\/olympijska-kolekce-ceska-republika-raskovka-3-zimni-cepice-z-olympijske-kolekce-milan-26\/\"> Ra\u0161kovka<\/a><\/strong> zur Kollektion, die 2018, zum 50. Jahrestag des olympischen Triumphs des Skispringers Ji\u0159\u00ed Ra\u0161ka, zu einem Ph\u00e4nomen und Symbol f\u00fcr Sportler und Fans \u00fcber die Olympischen Spiele hinaus wurde.<\/p><p><strong>Die Kollektion f\u00fcr Fans <\/strong>bietet neben Pullovern und Strickaccessoires noch viel mehr. Hier finden Sie Winterjacken, bequeme Sweatshirts, Design-T-Shirts, Rucks\u00e4cke, Dokumententaschen, Sporttaschen in verschiedenen Ausf\u00fchrungen und viele Strickaccessoires. <\/p><p><strong>Die Olympia-Kollektionen<\/strong>, einschlie\u00dflich der langfristigen Olympia-Merchandising-Artikel, k\u00f6nnen bei <a href=\"https:\/\/www.alpinepro.cz\/olympijska-kolekce\/\">ALPINEPRO <\/a>und<a href=\"https:\/\/www.sporttown.cz\/olympijska-kolekce\/\"> SportTown<\/a> erworben werden.<\/p>\t\t\t\t\t\t\t\t<\/div>\n\t\t\t\t<\/div>\n\t\t\t\t<div class=\"elementor-element elementor-element-ad01078 elementor-widget elementor-widget-jkit_post_date\" data-id=\"ad01078\" data-element_type=\"widget\" data-e-type=\"widget\" data-widget_type=\"jkit_post_date.default\">\n\t\t\t\t<div class=\"elementor-widget-container\">\n\t\t\t\t\t<div  class=\"jeg-elementor-kit jkit-post-date jeg_module___69f47fc5c0172\" ><p class=\"post-date \">16. Dezember 2025<\/p><\/div>\t\t\t\t<\/div>\n\t\t\t\t<\/div>\n\t\t\t\t<div class=\"elementor-element elementor-element-ad954a3 elementor-widget__width-auto elementor-widget elementor-widget-jkit_button\" data-id=\"ad954a3\" data-element_type=\"widget\" data-e-type=\"widget\" data-widget_type=\"jkit_button.default\">\n\t\t\t\t<div class=\"elementor-widget-container\">\n\t\t\t\t\t<div  class=\"jeg-elementor-kit jkit-button  icon-position-before jeg_module__1_69f47fc5c108b\" ><a href=\"https:\/\/alpinepro.com\/de\/aktuelles\/\" class=\"jkit-button-wrapper\">Zur\u00fcck zu Artikeln<\/a><\/div>\t\t\t\t<\/div>\n\t\t\t\t<\/div>\n\t\t\t\t<\/div>\n\t\t<div class=\"elementor-element elementor-element-14bd5c2 e-con-full e-flex e-con e-child\" data-id=\"14bd5c2\" data-element_type=\"container\" data-e-type=\"container\">\n\t\t\t\t<div class=\"elementor-element elementor-element-6a322ba elementor-widget elementor-widget-image\" data-id=\"6a322ba\" data-element_type=\"widget\" data-e-type=\"widget\" data-widget_type=\"image.default\">\n\t\t\t\t<div class=\"elementor-widget-container\">\n\t\t\t\t\t\t\t\t\t\t\t\t\t\t\t\t<a href=\"https:\/\/alpinepro.com\/wp-content\/uploads\/2025\/12\/olympic-colection-alpine-pro-2025.png\" data-elementor-open-lightbox=\"yes\" data-elementor-lightbox-title=\"olympic-colection-alpine-pro-2025\" data-e-action-hash=\"#elementor-action%3Aaction%3Dlightbox%26settings%3DeyJpZCI6MTQzNDEsInVybCI6Imh0dHBzOlwvXC9hbHBpbmVwcm8uY29tXC93cC1jb250ZW50XC91cGxvYWRzXC8yMDI1XC8xMlwvb2x5bXBpYy1jb2xlY3Rpb24tYWxwaW5lLXByby0yMDI1LnBuZyJ9\">\n\t\t\t\t\t\t\t<img decoding=\"async\" width=\"2000\" height=\"1510\" src=\"https:\/\/alpinepro.com\/wp-content\/uploads\/2025\/12\/olympic-colection-alpine-pro-2025.png\" class=\"attachment-full size-full wp-image-14341\" alt=\"\" srcset=\"https:\/\/alpinepro.com\/wp-content\/uploads\/2025\/12\/olympic-colection-alpine-pro-2025.png 2000w, https:\/\/alpinepro.com\/wp-content\/uploads\/2025\/12\/olympic-colection-alpine-pro-2025-300x227.png 300w, https:\/\/alpinepro.com\/wp-content\/uploads\/2025\/12\/olympic-colection-alpine-pro-2025-1024x773.png 1024w, https:\/\/alpinepro.com\/wp-content\/uploads\/2025\/12\/olympic-colection-alpine-pro-2025-768x580.png 768w, https:\/\/alpinepro.com\/wp-content\/uploads\/2025\/12\/olympic-colection-alpine-pro-2025-1536x1160.png 1536w\" sizes=\"(max-width: 2000px) 100vw, 2000px\" \/>\t\t\t\t\t\t\t\t<\/a>\n\t\t\t\t\t\t\t\t\t\t\t\t\t\t\t<\/div>\n\t\t\t\t<\/div>\n\t\t\t\t<div class=\"elementor-element elementor-element-6e812d6 elementor-widget elementor-widget-jkit_gallery\" data-id=\"6e812d6\" data-element_type=\"widget\" data-e-type=\"widget\" data-widget_type=\"jkit_gallery.default\">\n\t\t\t\t<div class=\"elementor-widget-container\">\n\t\t\t\t\t<div  class=\"jeg-elementor-kit jkit-gallery layout-overlay jeg_module__2_69f47fc5c2548\"  data-grid=\"masonry\" data-id=\"jeg_module__2_69f47fc5c2548\" data-per-page=\"10\" data-load-more=\"0\" data-current-loaded=\"8\" data-count-items=\"8\" data-animation-duration=\"500\" data-no-more=\"No More Item\" data-items=\"[&quot;&lt;div class=\\&quot;gallery-item-wrap \\&quot;&gt; &lt;div class=\\&quot;grid-item\\&quot;&gt;&lt;div class=\\&quot;thumbnail-wrap\\&quot;&gt;&lt;img width=\\&quot;999\\&quot; height=\\&quot;1500\\&quot; src=\\&quot;https:\\\/\\\/alpinepro.com\\\/wp-content\\\/uploads\\\/2025\\\/12\\\/raskovka.jpg\\&quot; class=\\&quot;attachment-full size-full\\&quot; alt=\\&quot;\\&quot; url=\\&quot;https:\\\/\\\/alpinepro.com\\\/wp-content\\\/uploads\\\/2025\\\/12\\\/raskovka.jpg\\&quot; source=\\&quot;library\\&quot; srcset=\\&quot;https:\\\/\\\/alpinepro.com\\\/wp-content\\\/uploads\\\/2025\\\/12\\\/raskovka.jpg 999w, https:\\\/\\\/alpinepro.com\\\/wp-content\\\/uploads\\\/2025\\\/12\\\/raskovka-200x300.jpg 200w, https:\\\/\\\/alpinepro.com\\\/wp-content\\\/uploads\\\/2025\\\/12\\\/raskovka-682x1024.jpg 682w, https:\\\/\\\/alpinepro.com\\\/wp-content\\\/uploads\\\/2025\\\/12\\\/raskovka-768x1153.jpg 768w\\&quot; sizes=\\&quot;(max-width: 999px) 100vw, 999px\\&quot; \\\/&gt;&lt;\\\/div&gt;&lt;a href=\\&quot;https:\\\/\\\/alpinepro.com\\\/wp-content\\\/uploads\\\/2025\\\/12\\\/raskovka.jpg\\&quot; class=\\&quot;gallery-link\\&quot; data-elementor-open-lightbox=\\&quot;yes\\&quot; data-elementor-lightbox-slideshow=\\&quot;jkit_gallery_lightbox_jeg_module__2_69f47fc5c2548\\&quot;&gt;&lt;div class=\\&quot;caption-wrap style-overlay overlay-overlay\\&quot;&gt; &lt;div class=\\&quot;item-hover-bg\\&quot;&gt;&lt;\\\/div&gt; &lt;div class=\\&quot;item-caption-over\\&quot;&gt; &lt;h5 class=\\&quot;item-title\\&quot;&gt;&lt;\\\/h5&gt; &lt;div class=\\&quot;item-content\\&quot;&gt;&lt;\\\/div&gt; &lt;\\\/div&gt; &lt;div class=\\&quot;caption-head\\&quot;&gt;&lt;\\\/div&gt; &lt;div class=\\&quot;caption-category\\&quot;&gt;&lt;\\\/div&gt; &lt;\\\/div&gt;&lt;\\\/a&gt;&lt;\\\/div&gt; &lt;\\\/div&gt;&quot;,&quot;&lt;div class=\\&quot;gallery-item-wrap \\&quot;&gt; &lt;div class=\\&quot;grid-item\\&quot;&gt;&lt;div class=\\&quot;thumbnail-wrap\\&quot;&gt;&lt;img width=\\&quot;999\\&quot; height=\\&quot;1500\\&quot; src=\\&quot;https:\\\/\\\/alpinepro.com\\\/wp-content\\\/uploads\\\/2025\\\/12\\\/alpine-pro-milano-cortina-2026_sweater.jpg\\&quot; class=\\&quot;attachment-full size-full\\&quot; alt=\\&quot;\\&quot; url=\\&quot;https:\\\/\\\/alpinepro.com\\\/wp-content\\\/uploads\\\/2025\\\/12\\\/alpine-pro-milano-cortina-2026_sweater.jpg\\&quot; source=\\&quot;library\\&quot; srcset=\\&quot;https:\\\/\\\/alpinepro.com\\\/wp-content\\\/uploads\\\/2025\\\/12\\\/alpine-pro-milano-cortina-2026_sweater.jpg 999w, https:\\\/\\\/alpinepro.com\\\/wp-content\\\/uploads\\\/2025\\\/12\\\/alpine-pro-milano-cortina-2026_sweater-200x300.jpg 200w, https:\\\/\\\/alpinepro.com\\\/wp-content\\\/uploads\\\/2025\\\/12\\\/alpine-pro-milano-cortina-2026_sweater-682x1024.jpg 682w, https:\\\/\\\/alpinepro.com\\\/wp-content\\\/uploads\\\/2025\\\/12\\\/alpine-pro-milano-cortina-2026_sweater-768x1153.jpg 768w\\&quot; sizes=\\&quot;(max-width: 999px) 100vw, 999px\\&quot; \\\/&gt;&lt;\\\/div&gt;&lt;a href=\\&quot;https:\\\/\\\/alpinepro.com\\\/wp-content\\\/uploads\\\/2025\\\/12\\\/alpine-pro-milano-cortina-2026_sweater.jpg\\&quot; class=\\&quot;gallery-link\\&quot; data-elementor-open-lightbox=\\&quot;yes\\&quot; data-elementor-lightbox-slideshow=\\&quot;jkit_gallery_lightbox_jeg_module__2_69f47fc5c2548\\&quot;&gt;&lt;div class=\\&quot;caption-wrap style-overlay overlay-overlay\\&quot;&gt; &lt;div class=\\&quot;item-hover-bg\\&quot;&gt;&lt;\\\/div&gt; &lt;div class=\\&quot;item-caption-over\\&quot;&gt; &lt;h5 class=\\&quot;item-title\\&quot;&gt;&lt;\\\/h5&gt; &lt;div class=\\&quot;item-content\\&quot;&gt;&lt;\\\/div&gt; &lt;\\\/div&gt; &lt;div class=\\&quot;caption-head\\&quot;&gt;&lt;\\\/div&gt; &lt;div class=\\&quot;caption-category\\&quot;&gt;&lt;\\\/div&gt; &lt;\\\/div&gt;&lt;\\\/a&gt;&lt;\\\/div&gt; &lt;\\\/div&gt;&quot;,&quot;&lt;div class=\\&quot;gallery-item-wrap \\&quot;&gt; &lt;div class=\\&quot;grid-item\\&quot;&gt;&lt;div class=\\&quot;thumbnail-wrap\\&quot;&gt;&lt;img width=\\&quot;1500\\&quot; height=\\&quot;1500\\&quot; src=\\&quot;https:\\\/\\\/alpinepro.com\\\/wp-content\\\/uploads\\\/2025\\\/12\\\/alpine-pro-milano-cortina-2026_scarf.jpg\\&quot; class=\\&quot;attachment-full size-full\\&quot; alt=\\&quot;\\&quot; url=\\&quot;https:\\\/\\\/alpinepro.com\\\/wp-content\\\/uploads\\\/2025\\\/12\\\/alpine-pro-milano-cortina-2026_scarf.jpg\\&quot; source=\\&quot;library\\&quot; srcset=\\&quot;https:\\\/\\\/alpinepro.com\\\/wp-content\\\/uploads\\\/2025\\\/12\\\/alpine-pro-milano-cortina-2026_scarf.jpg 1500w, https:\\\/\\\/alpinepro.com\\\/wp-content\\\/uploads\\\/2025\\\/12\\\/alpine-pro-milano-cortina-2026_scarf-300x300.jpg 300w, https:\\\/\\\/alpinepro.com\\\/wp-content\\\/uploads\\\/2025\\\/12\\\/alpine-pro-milano-cortina-2026_scarf-1024x1024.jpg 1024w, https:\\\/\\\/alpinepro.com\\\/wp-content\\\/uploads\\\/2025\\\/12\\\/alpine-pro-milano-cortina-2026_scarf-150x150.jpg 150w, https:\\\/\\\/alpinepro.com\\\/wp-content\\\/uploads\\\/2025\\\/12\\\/alpine-pro-milano-cortina-2026_scarf-768x768.jpg 768w, https:\\\/\\\/alpinepro.com\\\/wp-content\\\/uploads\\\/2025\\\/12\\\/alpine-pro-milano-cortina-2026_scarf-700x700.jpg 700w\\&quot; sizes=\\&quot;(max-width: 1500px) 100vw, 1500px\\&quot; \\\/&gt;&lt;\\\/div&gt;&lt;a href=\\&quot;https:\\\/\\\/alpinepro.com\\\/wp-content\\\/uploads\\\/2025\\\/12\\\/alpine-pro-milano-cortina-2026_scarf.jpg\\&quot; class=\\&quot;gallery-link\\&quot; data-elementor-open-lightbox=\\&quot;yes\\&quot; data-elementor-lightbox-slideshow=\\&quot;jkit_gallery_lightbox_jeg_module__2_69f47fc5c2548\\&quot;&gt;&lt;div class=\\&quot;caption-wrap style-overlay overlay-overlay\\&quot;&gt; &lt;div class=\\&quot;item-hover-bg\\&quot;&gt;&lt;\\\/div&gt; &lt;div class=\\&quot;item-caption-over\\&quot;&gt; &lt;h5 class=\\&quot;item-title\\&quot;&gt;&lt;\\\/h5&gt; &lt;div class=\\&quot;item-content\\&quot;&gt;&lt;\\\/div&gt; &lt;\\\/div&gt; &lt;div class=\\&quot;caption-head\\&quot;&gt;&lt;\\\/div&gt; &lt;div class=\\&quot;caption-category\\&quot;&gt;&lt;\\\/div&gt; &lt;\\\/div&gt;&lt;\\\/a&gt;&lt;\\\/div&gt; &lt;\\\/div&gt;&quot;,&quot;&lt;div class=\\&quot;gallery-item-wrap \\&quot;&gt; &lt;div class=\\&quot;grid-item\\&quot;&gt;&lt;div class=\\&quot;thumbnail-wrap\\&quot;&gt;&lt;img width=\\&quot;1280\\&quot; height=\\&quot;1922\\&quot; src=\\&quot;https:\\\/\\\/alpinepro.com\\\/wp-content\\\/uploads\\\/2025\\\/12\\\/alpine-pro-milano-cortina-2026_bag.jpg\\&quot; class=\\&quot;attachment-full size-full\\&quot; alt=\\&quot;\\&quot; url=\\&quot;https:\\\/\\\/alpinepro.com\\\/wp-content\\\/uploads\\\/2025\\\/12\\\/alpine-pro-milano-cortina-2026_bag.jpg\\&quot; source=\\&quot;library\\&quot; srcset=\\&quot;https:\\\/\\\/alpinepro.com\\\/wp-content\\\/uploads\\\/2025\\\/12\\\/alpine-pro-milano-cortina-2026_bag.jpg 1280w, https:\\\/\\\/alpinepro.com\\\/wp-content\\\/uploads\\\/2025\\\/12\\\/alpine-pro-milano-cortina-2026_bag-200x300.jpg 200w, https:\\\/\\\/alpinepro.com\\\/wp-content\\\/uploads\\\/2025\\\/12\\\/alpine-pro-milano-cortina-2026_bag-682x1024.jpg 682w, https:\\\/\\\/alpinepro.com\\\/wp-content\\\/uploads\\\/2025\\\/12\\\/alpine-pro-milano-cortina-2026_bag-768x1153.jpg 768w, https:\\\/\\\/alpinepro.com\\\/wp-content\\\/uploads\\\/2025\\\/12\\\/alpine-pro-milano-cortina-2026_bag-1023x1536.jpg 1023w\\&quot; sizes=\\&quot;(max-width: 1280px) 100vw, 1280px\\&quot; \\\/&gt;&lt;\\\/div&gt;&lt;a href=\\&quot;https:\\\/\\\/alpinepro.com\\\/wp-content\\\/uploads\\\/2025\\\/12\\\/alpine-pro-milano-cortina-2026_bag.jpg\\&quot; class=\\&quot;gallery-link\\&quot; data-elementor-open-lightbox=\\&quot;yes\\&quot; data-elementor-lightbox-slideshow=\\&quot;jkit_gallery_lightbox_jeg_module__2_69f47fc5c2548\\&quot;&gt;&lt;div class=\\&quot;caption-wrap style-overlay overlay-overlay\\&quot;&gt; &lt;div class=\\&quot;item-hover-bg\\&quot;&gt;&lt;\\\/div&gt; &lt;div class=\\&quot;item-caption-over\\&quot;&gt; &lt;h5 class=\\&quot;item-title\\&quot;&gt;&lt;\\\/h5&gt; &lt;div class=\\&quot;item-content\\&quot;&gt;&lt;\\\/div&gt; &lt;\\\/div&gt; &lt;div class=\\&quot;caption-head\\&quot;&gt;&lt;\\\/div&gt; &lt;div class=\\&quot;caption-category\\&quot;&gt;&lt;\\\/div&gt; &lt;\\\/div&gt;&lt;\\\/a&gt;&lt;\\\/div&gt; &lt;\\\/div&gt;&quot;,&quot;&lt;div class=\\&quot;gallery-item-wrap \\&quot;&gt; &lt;div class=\\&quot;grid-item\\&quot;&gt;&lt;div class=\\&quot;thumbnail-wrap\\&quot;&gt;&lt;img width=\\&quot;999\\&quot; height=\\&quot;1500\\&quot; src=\\&quot;https:\\\/\\\/alpinepro.com\\\/wp-content\\\/uploads\\\/2025\\\/12\\\/alpine-pro-milano-cortina-2026_paralympic.jpg\\&quot; class=\\&quot;attachment-full size-full\\&quot; alt=\\&quot;\\&quot; url=\\&quot;https:\\\/\\\/alpinepro.com\\\/wp-content\\\/uploads\\\/2025\\\/12\\\/alpine-pro-milano-cortina-2026_paralympic.jpg\\&quot; source=\\&quot;library\\&quot; srcset=\\&quot;https:\\\/\\\/alpinepro.com\\\/wp-content\\\/uploads\\\/2025\\\/12\\\/alpine-pro-milano-cortina-2026_paralympic.jpg 999w, https:\\\/\\\/alpinepro.com\\\/wp-content\\\/uploads\\\/2025\\\/12\\\/alpine-pro-milano-cortina-2026_paralympic-200x300.jpg 200w, https:\\\/\\\/alpinepro.com\\\/wp-content\\\/uploads\\\/2025\\\/12\\\/alpine-pro-milano-cortina-2026_paralympic-682x1024.jpg 682w, https:\\\/\\\/alpinepro.com\\\/wp-content\\\/uploads\\\/2025\\\/12\\\/alpine-pro-milano-cortina-2026_paralympic-768x1153.jpg 768w\\&quot; sizes=\\&quot;(max-width: 999px) 100vw, 999px\\&quot; \\\/&gt;&lt;\\\/div&gt;&lt;a href=\\&quot;https:\\\/\\\/alpinepro.com\\\/wp-content\\\/uploads\\\/2025\\\/12\\\/alpine-pro-milano-cortina-2026_paralympic.jpg\\&quot; class=\\&quot;gallery-link\\&quot; data-elementor-open-lightbox=\\&quot;yes\\&quot; data-elementor-lightbox-slideshow=\\&quot;jkit_gallery_lightbox_jeg_module__2_69f47fc5c2548\\&quot;&gt;&lt;div class=\\&quot;caption-wrap style-overlay overlay-overlay\\&quot;&gt; &lt;div class=\\&quot;item-hover-bg\\&quot;&gt;&lt;\\\/div&gt; &lt;div class=\\&quot;item-caption-over\\&quot;&gt; &lt;h5 class=\\&quot;item-title\\&quot;&gt;&lt;\\\/h5&gt; &lt;div class=\\&quot;item-content\\&quot;&gt;&lt;\\\/div&gt; &lt;\\\/div&gt; &lt;div class=\\&quot;caption-head\\&quot;&gt;&lt;\\\/div&gt; &lt;div class=\\&quot;caption-category\\&quot;&gt;&lt;\\\/div&gt; &lt;\\\/div&gt;&lt;\\\/a&gt;&lt;\\\/div&gt; &lt;\\\/div&gt;&quot;,&quot;&lt;div class=\\&quot;gallery-item-wrap \\&quot;&gt; &lt;div class=\\&quot;grid-item\\&quot;&gt;&lt;div class=\\&quot;thumbnail-wrap\\&quot;&gt;&lt;img width=\\&quot;1500\\&quot; height=\\&quot;1500\\&quot; src=\\&quot;https:\\\/\\\/alpinepro.com\\\/wp-content\\\/uploads\\\/2025\\\/12\\\/alpine-pro-milano-cortina-2026_long-sleeve.jpg\\&quot; class=\\&quot;attachment-full size-full\\&quot; alt=\\&quot;\\&quot; url=\\&quot;https:\\\/\\\/alpinepro.com\\\/wp-content\\\/uploads\\\/2025\\\/12\\\/alpine-pro-milano-cortina-2026_long-sleeve.jpg\\&quot; source=\\&quot;library\\&quot; srcset=\\&quot;https:\\\/\\\/alpinepro.com\\\/wp-content\\\/uploads\\\/2025\\\/12\\\/alpine-pro-milano-cortina-2026_long-sleeve.jpg 1500w, https:\\\/\\\/alpinepro.com\\\/wp-content\\\/uploads\\\/2025\\\/12\\\/alpine-pro-milano-cortina-2026_long-sleeve-300x300.jpg 300w, https:\\\/\\\/alpinepro.com\\\/wp-content\\\/uploads\\\/2025\\\/12\\\/alpine-pro-milano-cortina-2026_long-sleeve-1024x1024.jpg 1024w, https:\\\/\\\/alpinepro.com\\\/wp-content\\\/uploads\\\/2025\\\/12\\\/alpine-pro-milano-cortina-2026_long-sleeve-150x150.jpg 150w, https:\\\/\\\/alpinepro.com\\\/wp-content\\\/uploads\\\/2025\\\/12\\\/alpine-pro-milano-cortina-2026_long-sleeve-768x768.jpg 768w, https:\\\/\\\/alpinepro.com\\\/wp-content\\\/uploads\\\/2025\\\/12\\\/alpine-pro-milano-cortina-2026_long-sleeve-700x700.jpg 700w\\&quot; sizes=\\&quot;(max-width: 1500px) 100vw, 1500px\\&quot; \\\/&gt;&lt;\\\/div&gt;&lt;a href=\\&quot;https:\\\/\\\/alpinepro.com\\\/wp-content\\\/uploads\\\/2025\\\/12\\\/alpine-pro-milano-cortina-2026_long-sleeve.jpg\\&quot; class=\\&quot;gallery-link\\&quot; data-elementor-open-lightbox=\\&quot;yes\\&quot; data-elementor-lightbox-slideshow=\\&quot;jkit_gallery_lightbox_jeg_module__2_69f47fc5c2548\\&quot;&gt;&lt;div class=\\&quot;caption-wrap style-overlay overlay-overlay\\&quot;&gt; &lt;div class=\\&quot;item-hover-bg\\&quot;&gt;&lt;\\\/div&gt; &lt;div class=\\&quot;item-caption-over\\&quot;&gt; &lt;h5 class=\\&quot;item-title\\&quot;&gt;&lt;\\\/h5&gt; &lt;div class=\\&quot;item-content\\&quot;&gt;&lt;\\\/div&gt; &lt;\\\/div&gt; &lt;div class=\\&quot;caption-head\\&quot;&gt;&lt;\\\/div&gt; &lt;div class=\\&quot;caption-category\\&quot;&gt;&lt;\\\/div&gt; &lt;\\\/div&gt;&lt;\\\/a&gt;&lt;\\\/div&gt; &lt;\\\/div&gt;&quot;,&quot;&lt;div class=\\&quot;gallery-item-wrap \\&quot;&gt; &lt;div class=\\&quot;grid-item\\&quot;&gt;&lt;div class=\\&quot;thumbnail-wrap\\&quot;&gt;&lt;img width=\\&quot;1500\\&quot; height=\\&quot;1500\\&quot; src=\\&quot;https:\\\/\\\/alpinepro.com\\\/wp-content\\\/uploads\\\/2025\\\/12\\\/alpine-pro-milano-cortina-2026_hat.jpg\\&quot; class=\\&quot;attachment-full size-full\\&quot; alt=\\&quot;\\&quot; url=\\&quot;https:\\\/\\\/alpinepro.com\\\/wp-content\\\/uploads\\\/2025\\\/12\\\/alpine-pro-milano-cortina-2026_hat.jpg\\&quot; source=\\&quot;library\\&quot; srcset=\\&quot;https:\\\/\\\/alpinepro.com\\\/wp-content\\\/uploads\\\/2025\\\/12\\\/alpine-pro-milano-cortina-2026_hat.jpg 1500w, https:\\\/\\\/alpinepro.com\\\/wp-content\\\/uploads\\\/2025\\\/12\\\/alpine-pro-milano-cortina-2026_hat-300x300.jpg 300w, https:\\\/\\\/alpinepro.com\\\/wp-content\\\/uploads\\\/2025\\\/12\\\/alpine-pro-milano-cortina-2026_hat-1024x1024.jpg 1024w, https:\\\/\\\/alpinepro.com\\\/wp-content\\\/uploads\\\/2025\\\/12\\\/alpine-pro-milano-cortina-2026_hat-150x150.jpg 150w, https:\\\/\\\/alpinepro.com\\\/wp-content\\\/uploads\\\/2025\\\/12\\\/alpine-pro-milano-cortina-2026_hat-768x768.jpg 768w, https:\\\/\\\/alpinepro.com\\\/wp-content\\\/uploads\\\/2025\\\/12\\\/alpine-pro-milano-cortina-2026_hat-700x700.jpg 700w\\&quot; sizes=\\&quot;(max-width: 1500px) 100vw, 1500px\\&quot; \\\/&gt;&lt;\\\/div&gt;&lt;a href=\\&quot;https:\\\/\\\/alpinepro.com\\\/wp-content\\\/uploads\\\/2025\\\/12\\\/alpine-pro-milano-cortina-2026_hat.jpg\\&quot; class=\\&quot;gallery-link\\&quot; data-elementor-open-lightbox=\\&quot;yes\\&quot; data-elementor-lightbox-slideshow=\\&quot;jkit_gallery_lightbox_jeg_module__2_69f47fc5c2548\\&quot;&gt;&lt;div class=\\&quot;caption-wrap style-overlay overlay-overlay\\&quot;&gt; &lt;div class=\\&quot;item-hover-bg\\&quot;&gt;&lt;\\\/div&gt; &lt;div class=\\&quot;item-caption-over\\&quot;&gt; &lt;h5 class=\\&quot;item-title\\&quot;&gt;&lt;\\\/h5&gt; &lt;div class=\\&quot;item-content\\&quot;&gt;&lt;\\\/div&gt; &lt;\\\/div&gt; &lt;div class=\\&quot;caption-head\\&quot;&gt;&lt;\\\/div&gt; &lt;div class=\\&quot;caption-category\\&quot;&gt;&lt;\\\/div&gt; &lt;\\\/div&gt;&lt;\\\/a&gt;&lt;\\\/div&gt; &lt;\\\/div&gt;&quot;,&quot;&lt;div class=\\&quot;gallery-item-wrap \\&quot;&gt; &lt;div class=\\&quot;grid-item\\&quot;&gt;&lt;div class=\\&quot;thumbnail-wrap\\&quot;&gt;&lt;img width=\\&quot;1500\\&quot; height=\\&quot;1500\\&quot; src=\\&quot;https:\\\/\\\/alpinepro.com\\\/wp-content\\\/uploads\\\/2025\\\/12\\\/alpine-pro-milano-cortina-2026_gloves.jpg\\&quot; class=\\&quot;attachment-full size-full\\&quot; alt=\\&quot;\\&quot; url=\\&quot;https:\\\/\\\/alpinepro.com\\\/wp-content\\\/uploads\\\/2025\\\/12\\\/alpine-pro-milano-cortina-2026_gloves.jpg\\&quot; source=\\&quot;library\\&quot; srcset=\\&quot;https:\\\/\\\/alpinepro.com\\\/wp-content\\\/uploads\\\/2025\\\/12\\\/alpine-pro-milano-cortina-2026_gloves.jpg 1500w, https:\\\/\\\/alpinepro.com\\\/wp-content\\\/uploads\\\/2025\\\/12\\\/alpine-pro-milano-cortina-2026_gloves-300x300.jpg 300w, https:\\\/\\\/alpinepro.com\\\/wp-content\\\/uploads\\\/2025\\\/12\\\/alpine-pro-milano-cortina-2026_gloves-1024x1024.jpg 1024w, https:\\\/\\\/alpinepro.com\\\/wp-content\\\/uploads\\\/2025\\\/12\\\/alpine-pro-milano-cortina-2026_gloves-150x150.jpg 150w, https:\\\/\\\/alpinepro.com\\\/wp-content\\\/uploads\\\/2025\\\/12\\\/alpine-pro-milano-cortina-2026_gloves-768x768.jpg 768w, https:\\\/\\\/alpinepro.com\\\/wp-content\\\/uploads\\\/2025\\\/12\\\/alpine-pro-milano-cortina-2026_gloves-700x700.jpg 700w\\&quot; sizes=\\&quot;(max-width: 1500px) 100vw, 1500px\\&quot; \\\/&gt;&lt;\\\/div&gt;&lt;a href=\\&quot;https:\\\/\\\/alpinepro.com\\\/wp-content\\\/uploads\\\/2025\\\/12\\\/alpine-pro-milano-cortina-2026_gloves.jpg\\&quot; class=\\&quot;gallery-link\\&quot; data-elementor-open-lightbox=\\&quot;yes\\&quot; data-elementor-lightbox-slideshow=\\&quot;jkit_gallery_lightbox_jeg_module__2_69f47fc5c2548\\&quot;&gt;&lt;div class=\\&quot;caption-wrap style-overlay overlay-overlay\\&quot;&gt; &lt;div class=\\&quot;item-hover-bg\\&quot;&gt;&lt;\\\/div&gt; &lt;div class=\\&quot;item-caption-over\\&quot;&gt; &lt;h5 class=\\&quot;item-title\\&quot;&gt;&lt;\\\/h5&gt; &lt;div class=\\&quot;item-content\\&quot;&gt;&lt;\\\/div&gt; &lt;\\\/div&gt; &lt;div class=\\&quot;caption-head\\&quot;&gt;&lt;\\\/div&gt; &lt;div class=\\&quot;caption-category\\&quot;&gt;&lt;\\\/div&gt; &lt;\\\/div&gt;&lt;\\\/a&gt;&lt;\\\/div&gt; &lt;\\\/div&gt;&quot;]\">\n            <div class=\"gallery-items\"><div class=\"gallery-item-wrap \"> <div class=\"grid-item\"><div class=\"thumbnail-wrap\"><img decoding=\"async\" width=\"999\" height=\"1500\" src=\"https:\/\/alpinepro.com\/wp-content\/uploads\/2025\/12\/raskovka.jpg\" class=\"attachment-full size-full\" alt=\"\" url=\"https:\/\/alpinepro.com\/wp-content\/uploads\/2025\/12\/raskovka.jpg\" source=\"library\" srcset=\"https:\/\/alpinepro.com\/wp-content\/uploads\/2025\/12\/raskovka.jpg 999w, https:\/\/alpinepro.com\/wp-content\/uploads\/2025\/12\/raskovka-200x300.jpg 200w, https:\/\/alpinepro.com\/wp-content\/uploads\/2025\/12\/raskovka-682x1024.jpg 682w, https:\/\/alpinepro.com\/wp-content\/uploads\/2025\/12\/raskovka-768x1153.jpg 768w\" sizes=\"(max-width: 999px) 100vw, 999px\" \/><\/div><a href=\"https:\/\/alpinepro.com\/wp-content\/uploads\/2025\/12\/raskovka.jpg\" class=\"gallery-link\" data-elementor-open-lightbox=\"yes\" data-elementor-lightbox-slideshow=\"jkit_gallery_lightbox_jeg_module__2_69f47fc5c2548\"><div class=\"caption-wrap style-overlay overlay-overlay\"> <div class=\"item-hover-bg\"><\/div> <div class=\"item-caption-over\"> <h5 class=\"item-title\"><\/h5> <div class=\"item-content\"><\/div> <\/div> <div class=\"caption-head\"><\/div> <div class=\"caption-category\"><\/div> <\/div><\/a><\/div> <\/div><div class=\"gallery-item-wrap \"> <div class=\"grid-item\"><div class=\"thumbnail-wrap\"><img loading=\"lazy\" decoding=\"async\" width=\"999\" height=\"1500\" src=\"https:\/\/alpinepro.com\/wp-content\/uploads\/2025\/12\/alpine-pro-milano-cortina-2026_sweater.jpg\" class=\"attachment-full size-full\" alt=\"\" url=\"https:\/\/alpinepro.com\/wp-content\/uploads\/2025\/12\/alpine-pro-milano-cortina-2026_sweater.jpg\" source=\"library\" srcset=\"https:\/\/alpinepro.com\/wp-content\/uploads\/2025\/12\/alpine-pro-milano-cortina-2026_sweater.jpg 999w, https:\/\/alpinepro.com\/wp-content\/uploads\/2025\/12\/alpine-pro-milano-cortina-2026_sweater-200x300.jpg 200w, https:\/\/alpinepro.com\/wp-content\/uploads\/2025\/12\/alpine-pro-milano-cortina-2026_sweater-682x1024.jpg 682w, https:\/\/alpinepro.com\/wp-content\/uploads\/2025\/12\/alpine-pro-milano-cortina-2026_sweater-768x1153.jpg 768w\" sizes=\"(max-width: 999px) 100vw, 999px\" \/><\/div><a href=\"https:\/\/alpinepro.com\/wp-content\/uploads\/2025\/12\/alpine-pro-milano-cortina-2026_sweater.jpg\" class=\"gallery-link\" data-elementor-open-lightbox=\"yes\" data-elementor-lightbox-slideshow=\"jkit_gallery_lightbox_jeg_module__2_69f47fc5c2548\"><div class=\"caption-wrap style-overlay overlay-overlay\"> <div class=\"item-hover-bg\"><\/div> <div class=\"item-caption-over\"> <h5 class=\"item-title\"><\/h5> <div class=\"item-content\"><\/div> <\/div> <div class=\"caption-head\"><\/div> <div class=\"caption-category\"><\/div> <\/div><\/a><\/div> <\/div><div class=\"gallery-item-wrap \"> <div class=\"grid-item\"><div class=\"thumbnail-wrap\"><img loading=\"lazy\" decoding=\"async\" width=\"1500\" height=\"1500\" src=\"https:\/\/alpinepro.com\/wp-content\/uploads\/2025\/12\/alpine-pro-milano-cortina-2026_scarf.jpg\" class=\"attachment-full size-full\" alt=\"\" url=\"https:\/\/alpinepro.com\/wp-content\/uploads\/2025\/12\/alpine-pro-milano-cortina-2026_scarf.jpg\" source=\"library\" srcset=\"https:\/\/alpinepro.com\/wp-content\/uploads\/2025\/12\/alpine-pro-milano-cortina-2026_scarf.jpg 1500w, https:\/\/alpinepro.com\/wp-content\/uploads\/2025\/12\/alpine-pro-milano-cortina-2026_scarf-300x300.jpg 300w, https:\/\/alpinepro.com\/wp-content\/uploads\/2025\/12\/alpine-pro-milano-cortina-2026_scarf-1024x1024.jpg 1024w, https:\/\/alpinepro.com\/wp-content\/uploads\/2025\/12\/alpine-pro-milano-cortina-2026_scarf-150x150.jpg 150w, https:\/\/alpinepro.com\/wp-content\/uploads\/2025\/12\/alpine-pro-milano-cortina-2026_scarf-768x768.jpg 768w, https:\/\/alpinepro.com\/wp-content\/uploads\/2025\/12\/alpine-pro-milano-cortina-2026_scarf-700x700.jpg 700w\" sizes=\"(max-width: 1500px) 100vw, 1500px\" \/><\/div><a href=\"https:\/\/alpinepro.com\/wp-content\/uploads\/2025\/12\/alpine-pro-milano-cortina-2026_scarf.jpg\" class=\"gallery-link\" data-elementor-open-lightbox=\"yes\" data-elementor-lightbox-slideshow=\"jkit_gallery_lightbox_jeg_module__2_69f47fc5c2548\"><div class=\"caption-wrap style-overlay overlay-overlay\"> <div class=\"item-hover-bg\"><\/div> <div class=\"item-caption-over\"> <h5 class=\"item-title\"><\/h5> <div class=\"item-content\"><\/div> <\/div> <div class=\"caption-head\"><\/div> <div class=\"caption-category\"><\/div> <\/div><\/a><\/div> <\/div><div class=\"gallery-item-wrap \"> <div class=\"grid-item\"><div class=\"thumbnail-wrap\"><img loading=\"lazy\" decoding=\"async\" width=\"1280\" height=\"1922\" src=\"https:\/\/alpinepro.com\/wp-content\/uploads\/2025\/12\/alpine-pro-milano-cortina-2026_bag.jpg\" class=\"attachment-full size-full\" alt=\"\" url=\"https:\/\/alpinepro.com\/wp-content\/uploads\/2025\/12\/alpine-pro-milano-cortina-2026_bag.jpg\" source=\"library\" srcset=\"https:\/\/alpinepro.com\/wp-content\/uploads\/2025\/12\/alpine-pro-milano-cortina-2026_bag.jpg 1280w, https:\/\/alpinepro.com\/wp-content\/uploads\/2025\/12\/alpine-pro-milano-cortina-2026_bag-200x300.jpg 200w, https:\/\/alpinepro.com\/wp-content\/uploads\/2025\/12\/alpine-pro-milano-cortina-2026_bag-682x1024.jpg 682w, https:\/\/alpinepro.com\/wp-content\/uploads\/2025\/12\/alpine-pro-milano-cortina-2026_bag-768x1153.jpg 768w, https:\/\/alpinepro.com\/wp-content\/uploads\/2025\/12\/alpine-pro-milano-cortina-2026_bag-1023x1536.jpg 1023w\" sizes=\"(max-width: 1280px) 100vw, 1280px\" \/><\/div><a href=\"https:\/\/alpinepro.com\/wp-content\/uploads\/2025\/12\/alpine-pro-milano-cortina-2026_bag.jpg\" class=\"gallery-link\" data-elementor-open-lightbox=\"yes\" data-elementor-lightbox-slideshow=\"jkit_gallery_lightbox_jeg_module__2_69f47fc5c2548\"><div class=\"caption-wrap style-overlay overlay-overlay\"> <div class=\"item-hover-bg\"><\/div> <div class=\"item-caption-over\"> <h5 class=\"item-title\"><\/h5> <div class=\"item-content\"><\/div> <\/div> <div class=\"caption-head\"><\/div> <div class=\"caption-category\"><\/div> <\/div><\/a><\/div> <\/div><div class=\"gallery-item-wrap \"> <div class=\"grid-item\"><div class=\"thumbnail-wrap\"><img loading=\"lazy\" decoding=\"async\" width=\"999\" height=\"1500\" src=\"https:\/\/alpinepro.com\/wp-content\/uploads\/2025\/12\/alpine-pro-milano-cortina-2026_paralympic.jpg\" class=\"attachment-full size-full\" alt=\"\" url=\"https:\/\/alpinepro.com\/wp-content\/uploads\/2025\/12\/alpine-pro-milano-cortina-2026_paralympic.jpg\" source=\"library\" srcset=\"https:\/\/alpinepro.com\/wp-content\/uploads\/2025\/12\/alpine-pro-milano-cortina-2026_paralympic.jpg 999w, https:\/\/alpinepro.com\/wp-content\/uploads\/2025\/12\/alpine-pro-milano-cortina-2026_paralympic-200x300.jpg 200w, https:\/\/alpinepro.com\/wp-content\/uploads\/2025\/12\/alpine-pro-milano-cortina-2026_paralympic-682x1024.jpg 682w, https:\/\/alpinepro.com\/wp-content\/uploads\/2025\/12\/alpine-pro-milano-cortina-2026_paralympic-768x1153.jpg 768w\" sizes=\"(max-width: 999px) 100vw, 999px\" \/><\/div><a href=\"https:\/\/alpinepro.com\/wp-content\/uploads\/2025\/12\/alpine-pro-milano-cortina-2026_paralympic.jpg\" class=\"gallery-link\" data-elementor-open-lightbox=\"yes\" data-elementor-lightbox-slideshow=\"jkit_gallery_lightbox_jeg_module__2_69f47fc5c2548\"><div class=\"caption-wrap style-overlay overlay-overlay\"> <div class=\"item-hover-bg\"><\/div> <div class=\"item-caption-over\"> <h5 class=\"item-title\"><\/h5> <div class=\"item-content\"><\/div> <\/div> <div class=\"caption-head\"><\/div> <div class=\"caption-category\"><\/div> <\/div><\/a><\/div> <\/div><div class=\"gallery-item-wrap \"> <div class=\"grid-item\"><div class=\"thumbnail-wrap\"><img loading=\"lazy\" decoding=\"async\" width=\"1500\" height=\"1500\" src=\"https:\/\/alpinepro.com\/wp-content\/uploads\/2025\/12\/alpine-pro-milano-cortina-2026_long-sleeve.jpg\" class=\"attachment-full size-full\" alt=\"\" url=\"https:\/\/alpinepro.com\/wp-content\/uploads\/2025\/12\/alpine-pro-milano-cortina-2026_long-sleeve.jpg\" source=\"library\" srcset=\"https:\/\/alpinepro.com\/wp-content\/uploads\/2025\/12\/alpine-pro-milano-cortina-2026_long-sleeve.jpg 1500w, https:\/\/alpinepro.com\/wp-content\/uploads\/2025\/12\/alpine-pro-milano-cortina-2026_long-sleeve-300x300.jpg 300w, https:\/\/alpinepro.com\/wp-content\/uploads\/2025\/12\/alpine-pro-milano-cortina-2026_long-sleeve-1024x1024.jpg 1024w, https:\/\/alpinepro.com\/wp-content\/uploads\/2025\/12\/alpine-pro-milano-cortina-2026_long-sleeve-150x150.jpg 150w, https:\/\/alpinepro.com\/wp-content\/uploads\/2025\/12\/alpine-pro-milano-cortina-2026_long-sleeve-768x768.jpg 768w, https:\/\/alpinepro.com\/wp-content\/uploads\/2025\/12\/alpine-pro-milano-cortina-2026_long-sleeve-700x700.jpg 700w\" sizes=\"(max-width: 1500px) 100vw, 1500px\" \/><\/div><a href=\"https:\/\/alpinepro.com\/wp-content\/uploads\/2025\/12\/alpine-pro-milano-cortina-2026_long-sleeve.jpg\" class=\"gallery-link\" data-elementor-open-lightbox=\"yes\" data-elementor-lightbox-slideshow=\"jkit_gallery_lightbox_jeg_module__2_69f47fc5c2548\"><div class=\"caption-wrap style-overlay overlay-overlay\"> <div class=\"item-hover-bg\"><\/div> <div class=\"item-caption-over\"> <h5 class=\"item-title\"><\/h5> <div class=\"item-content\"><\/div> <\/div> <div class=\"caption-head\"><\/div> <div class=\"caption-category\"><\/div> <\/div><\/a><\/div> <\/div><div class=\"gallery-item-wrap \"> <div class=\"grid-item\"><div class=\"thumbnail-wrap\"><img loading=\"lazy\" decoding=\"async\" width=\"1500\" height=\"1500\" src=\"https:\/\/alpinepro.com\/wp-content\/uploads\/2025\/12\/alpine-pro-milano-cortina-2026_hat.jpg\" class=\"attachment-full size-full\" alt=\"\" url=\"https:\/\/alpinepro.com\/wp-content\/uploads\/2025\/12\/alpine-pro-milano-cortina-2026_hat.jpg\" source=\"library\" srcset=\"https:\/\/alpinepro.com\/wp-content\/uploads\/2025\/12\/alpine-pro-milano-cortina-2026_hat.jpg 1500w, https:\/\/alpinepro.com\/wp-content\/uploads\/2025\/12\/alpine-pro-milano-cortina-2026_hat-300x300.jpg 300w, https:\/\/alpinepro.com\/wp-content\/uploads\/2025\/12\/alpine-pro-milano-cortina-2026_hat-1024x1024.jpg 1024w, https:\/\/alpinepro.com\/wp-content\/uploads\/2025\/12\/alpine-pro-milano-cortina-2026_hat-150x150.jpg 150w, https:\/\/alpinepro.com\/wp-content\/uploads\/2025\/12\/alpine-pro-milano-cortina-2026_hat-768x768.jpg 768w, https:\/\/alpinepro.com\/wp-content\/uploads\/2025\/12\/alpine-pro-milano-cortina-2026_hat-700x700.jpg 700w\" sizes=\"(max-width: 1500px) 100vw, 1500px\" \/><\/div><a href=\"https:\/\/alpinepro.com\/wp-content\/uploads\/2025\/12\/alpine-pro-milano-cortina-2026_hat.jpg\" class=\"gallery-link\" data-elementor-open-lightbox=\"yes\" data-elementor-lightbox-slideshow=\"jkit_gallery_lightbox_jeg_module__2_69f47fc5c2548\"><div class=\"caption-wrap style-overlay overlay-overlay\"> <div class=\"item-hover-bg\"><\/div> <div class=\"item-caption-over\"> <h5 class=\"item-title\"><\/h5> <div class=\"item-content\"><\/div> <\/div> <div class=\"caption-head\"><\/div> <div class=\"caption-category\"><\/div> <\/div><\/a><\/div> <\/div><div class=\"gallery-item-wrap \"> <div class=\"grid-item\"><div class=\"thumbnail-wrap\"><img loading=\"lazy\" decoding=\"async\" width=\"1500\" height=\"1500\" src=\"https:\/\/alpinepro.com\/wp-content\/uploads\/2025\/12\/alpine-pro-milano-cortina-2026_gloves.jpg\" class=\"attachment-full size-full\" alt=\"\" url=\"https:\/\/alpinepro.com\/wp-content\/uploads\/2025\/12\/alpine-pro-milano-cortina-2026_gloves.jpg\" source=\"library\" srcset=\"https:\/\/alpinepro.com\/wp-content\/uploads\/2025\/12\/alpine-pro-milano-cortina-2026_gloves.jpg 1500w, https:\/\/alpinepro.com\/wp-content\/uploads\/2025\/12\/alpine-pro-milano-cortina-2026_gloves-300x300.jpg 300w, https:\/\/alpinepro.com\/wp-content\/uploads\/2025\/12\/alpine-pro-milano-cortina-2026_gloves-1024x1024.jpg 1024w, https:\/\/alpinepro.com\/wp-content\/uploads\/2025\/12\/alpine-pro-milano-cortina-2026_gloves-150x150.jpg 150w, https:\/\/alpinepro.com\/wp-content\/uploads\/2025\/12\/alpine-pro-milano-cortina-2026_gloves-768x768.jpg 768w, https:\/\/alpinepro.com\/wp-content\/uploads\/2025\/12\/alpine-pro-milano-cortina-2026_gloves-700x700.jpg 700w\" sizes=\"(max-width: 1500px) 100vw, 1500px\" \/><\/div><a href=\"https:\/\/alpinepro.com\/wp-content\/uploads\/2025\/12\/alpine-pro-milano-cortina-2026_gloves.jpg\" class=\"gallery-link\" data-elementor-open-lightbox=\"yes\" data-elementor-lightbox-slideshow=\"jkit_gallery_lightbox_jeg_module__2_69f47fc5c2548\"><div class=\"caption-wrap style-overlay overlay-overlay\"> <div class=\"item-hover-bg\"><\/div> <div class=\"item-caption-over\"> <h5 class=\"item-title\"><\/h5> <div class=\"item-content\"><\/div> <\/div> <div class=\"caption-head\"><\/div> <div class=\"caption-category\"><\/div> <\/div><\/a><\/div> <\/div><\/div>\n            <div class=\"load-more-items\"><\/div><\/div>\t\t\t\t<\/div>\n\t\t\t\t<\/div>\n\t\t\t\t<\/div>\n\t\t\t\t<\/div>\n\t\t\t\t<\/div>\n\t\t","protected":false},"excerpt":{"rendered":"<p>Die neue tschechische Olympia-Kollektion f\u00fcr die Winterspiele in Mailand und Cortina 2026 verbindet Retro-Inspirationen aus Cortina 1956 mit k\u00fcnstlerischen Motiven des Grafikers Vojt\u011bch Preissig. Strickpullover, Winterjacken, Sweatshirts und Zubeh\u00f6r bieten ein einzigartiges Design, das sowohl Sportler als auch Fans zu sch\u00e4tzen wissen. Die Kollektion kn\u00fcpft an die Tradition tschechischer K\u00fcnstler in olympischen Kollektionen an und [&hellip;]<\/p>\n","protected":false},"author":1,"featured_media":14341,"comment_status":"closed","ping_status":"open","sticky":false,"template":"","format":"standard","meta":{"_monsterinsights_skip_tracking":false,"_monsterinsights_sitenote_active":false,"_monsterinsights_sitenote_note":"","_monsterinsights_sitenote_category":0,"footnotes":""},"categories":[99],"tags":[],"class_list":["post-14337","post","type-post","status-publish","format-standard","has-post-thumbnail","hentry","category-aktuelles"],"yoast_head":"<!-- This site is optimized with the Yoast SEO plugin v27.5 - https:\/\/yoast.com\/product\/yoast-seo-wordpress\/ -->\n<title>Olympische Kollektion Mailand-Cortina 2026 - ALPINE PRO<\/title>\n<meta name=\"description\" content=\"Die neue tschechische Olympia-Kollektion f\u00fcr die Winterspiele in Mailand und Cortina 2026 verbindet Retro-Inspirationen aus Cortina 1956 mit Motiven von Vojt\u011bch Preissig.\" \/>\n<meta name=\"robots\" content=\"index, follow, max-snippet:-1, max-image-preview:large, max-video-preview:-1\" \/>\n<link rel=\"canonical\" href=\"https:\/\/alpinepro.com\/de\/aktuelles\/olympische-kollektion-mailand-cortina-2026\/\" \/>\n<meta property=\"og:locale\" content=\"de_DE\" \/>\n<meta property=\"og:type\" content=\"article\" \/>\n<meta property=\"og:title\" content=\"Olympische Kollektion Mailand-Cortina 2026 - ALPINE PRO\" \/>\n<meta property=\"og:description\" content=\"Die neue tschechische Olympia-Kollektion f\u00fcr die Winterspiele in Mailand und Cortina 2026 verbindet Retro-Inspirationen aus Cortina 1956 mit Motiven von Vojt\u011bch Preissig.\" \/>\n<meta property=\"og:url\" content=\"https:\/\/alpinepro.com\/de\/aktuelles\/olympische-kollektion-mailand-cortina-2026\/\" \/>\n<meta property=\"og:site_name\" content=\"ALPINE PRO\" \/>\n<meta property=\"article:publisher\" content=\"https:\/\/www.facebook.com\/alpinepro\" \/>\n<meta property=\"article:published_time\" content=\"2025-12-16T09:10:21+00:00\" \/>\n<meta property=\"article:modified_time\" content=\"2026-02-03T13:59:04+00:00\" \/>\n<meta property=\"og:image\" content=\"https:\/\/alpinepro.com\/wp-content\/uploads\/2025\/12\/olympic-colection-alpine-pro-2025-1024x773.png\" \/>\n\t<meta property=\"og:image:width\" content=\"1024\" \/>\n\t<meta property=\"og:image:height\" content=\"773\" \/>\n\t<meta property=\"og:image:type\" content=\"image\/png\" \/>\n<meta name=\"author\" content=\"projektackacz\" \/>\n<meta name=\"twitter:card\" content=\"summary_large_image\" \/>\n<script type=\"application\/ld+json\" class=\"yoast-schema-graph\">{\"@context\":\"https:\\\/\\\/schema.org\",\"@graph\":[{\"@type\":\"Article\",\"@id\":\"https:\\\/\\\/alpinepro.com\\\/de\\\/aktuelles\\\/olympische-kollektion-mailand-cortina-2026\\\/#article\",\"isPartOf\":{\"@id\":\"https:\\\/\\\/alpinepro.com\\\/de\\\/aktuelles\\\/olympische-kollektion-mailand-cortina-2026\\\/\"},\"author\":{\"name\":\"projektackacz\",\"@id\":\"https:\\\/\\\/alpinepro.com\\\/de\\\/#\\\/schema\\\/person\\\/8b911c54caa417abaa022ab933d9ea07\"},\"headline\":\"Olympische Kollektion Mailand-Cortina 2026\",\"datePublished\":\"2025-12-16T09:10:21+00:00\",\"dateModified\":\"2026-02-03T13:59:04+00:00\",\"mainEntityOfPage\":{\"@id\":\"https:\\\/\\\/alpinepro.com\\\/de\\\/aktuelles\\\/olympische-kollektion-mailand-cortina-2026\\\/\"},\"wordCount\":476,\"publisher\":{\"@id\":\"https:\\\/\\\/alpinepro.com\\\/de\\\/#organization\"},\"image\":{\"@id\":\"https:\\\/\\\/alpinepro.com\\\/de\\\/aktuelles\\\/olympische-kollektion-mailand-cortina-2026\\\/#primaryimage\"},\"thumbnailUrl\":\"https:\\\/\\\/alpinepro.com\\\/wp-content\\\/uploads\\\/2025\\\/12\\\/olympic-colection-alpine-pro-2025.png\",\"articleSection\":[\"Aktuelles\"],\"inLanguage\":\"de\"},{\"@type\":\"WebPage\",\"@id\":\"https:\\\/\\\/alpinepro.com\\\/de\\\/aktuelles\\\/olympische-kollektion-mailand-cortina-2026\\\/\",\"url\":\"https:\\\/\\\/alpinepro.com\\\/de\\\/aktuelles\\\/olympische-kollektion-mailand-cortina-2026\\\/\",\"name\":\"Olympische Kollektion Mailand-Cortina 2026 - ALPINE PRO\",\"isPartOf\":{\"@id\":\"https:\\\/\\\/alpinepro.com\\\/de\\\/#website\"},\"primaryImageOfPage\":{\"@id\":\"https:\\\/\\\/alpinepro.com\\\/de\\\/aktuelles\\\/olympische-kollektion-mailand-cortina-2026\\\/#primaryimage\"},\"image\":{\"@id\":\"https:\\\/\\\/alpinepro.com\\\/de\\\/aktuelles\\\/olympische-kollektion-mailand-cortina-2026\\\/#primaryimage\"},\"thumbnailUrl\":\"https:\\\/\\\/alpinepro.com\\\/wp-content\\\/uploads\\\/2025\\\/12\\\/olympic-colection-alpine-pro-2025.png\",\"datePublished\":\"2025-12-16T09:10:21+00:00\",\"dateModified\":\"2026-02-03T13:59:04+00:00\",\"description\":\"Die neue tschechische Olympia-Kollektion f\u00fcr die Winterspiele in Mailand und Cortina 2026 verbindet Retro-Inspirationen aus Cortina 1956 mit Motiven von Vojt\u011bch Preissig.\",\"breadcrumb\":{\"@id\":\"https:\\\/\\\/alpinepro.com\\\/de\\\/aktuelles\\\/olympische-kollektion-mailand-cortina-2026\\\/#breadcrumb\"},\"inLanguage\":\"de\",\"potentialAction\":[{\"@type\":\"ReadAction\",\"target\":[\"https:\\\/\\\/alpinepro.com\\\/de\\\/aktuelles\\\/olympische-kollektion-mailand-cortina-2026\\\/\"]}]},{\"@type\":\"ImageObject\",\"inLanguage\":\"de\",\"@id\":\"https:\\\/\\\/alpinepro.com\\\/de\\\/aktuelles\\\/olympische-kollektion-mailand-cortina-2026\\\/#primaryimage\",\"url\":\"https:\\\/\\\/alpinepro.com\\\/wp-content\\\/uploads\\\/2025\\\/12\\\/olympic-colection-alpine-pro-2025.png\",\"contentUrl\":\"https:\\\/\\\/alpinepro.com\\\/wp-content\\\/uploads\\\/2025\\\/12\\\/olympic-colection-alpine-pro-2025.png\",\"width\":2000,\"height\":1510},{\"@type\":\"BreadcrumbList\",\"@id\":\"https:\\\/\\\/alpinepro.com\\\/de\\\/aktuelles\\\/olympische-kollektion-mailand-cortina-2026\\\/#breadcrumb\",\"itemListElement\":[{\"@type\":\"ListItem\",\"position\":1,\"name\":\"Dom\u016f\",\"item\":\"https:\\\/\\\/alpinepro.com\\\/de\\\/\"},{\"@type\":\"ListItem\",\"position\":2,\"name\":\"Olympische Kollektion Mailand-Cortina 2026\"}]},{\"@type\":\"WebSite\",\"@id\":\"https:\\\/\\\/alpinepro.com\\\/de\\\/#website\",\"url\":\"https:\\\/\\\/alpinepro.com\\\/de\\\/\",\"name\":\"ALPINE PRO - Sports and outdoor clothing\",\"description\":\"Sports and outdoor clothing, accessories and footwear\",\"publisher\":{\"@id\":\"https:\\\/\\\/alpinepro.com\\\/de\\\/#organization\"},\"alternateName\":\"Sports and outdoor clothing, accessories and footwear\",\"potentialAction\":[{\"@type\":\"SearchAction\",\"target\":{\"@type\":\"EntryPoint\",\"urlTemplate\":\"https:\\\/\\\/alpinepro.com\\\/de\\\/?s={search_term_string}\"},\"query-input\":{\"@type\":\"PropertyValueSpecification\",\"valueRequired\":true,\"valueName\":\"search_term_string\"}}],\"inLanguage\":\"de\"},{\"@type\":\"Organization\",\"@id\":\"https:\\\/\\\/alpinepro.com\\\/de\\\/#organization\",\"name\":\"ALPINE PRO, a.s.\",\"alternateName\":\"ALPINE PRO, a.s.\",\"url\":\"https:\\\/\\\/alpinepro.com\\\/de\\\/\",\"logo\":{\"@type\":\"ImageObject\",\"inLanguage\":\"de\",\"@id\":\"https:\\\/\\\/alpinepro.com\\\/de\\\/#\\\/schema\\\/logo\\\/image\\\/\",\"url\":\"http:\\\/\\\/344013.w13.wedos.ws\\\/wp-content\\\/uploads\\\/2024\\\/04\\\/logo_alpine_pro_transp.png\",\"contentUrl\":\"http:\\\/\\\/344013.w13.wedos.ws\\\/wp-content\\\/uploads\\\/2024\\\/04\\\/logo_alpine_pro_transp.png\",\"width\":850,\"height\":150,\"caption\":\"ALPINE PRO, a.s.\"},\"image\":{\"@id\":\"https:\\\/\\\/alpinepro.com\\\/de\\\/#\\\/schema\\\/logo\\\/image\\\/\"},\"sameAs\":[\"https:\\\/\\\/www.facebook.com\\\/alpinepro\",\"https:\\\/\\\/www.instagram.com\\\/alpineprocz\",\"https:\\\/\\\/www.youtube.com\\\/@alpineprocz8394\"]},{\"@type\":\"Person\",\"@id\":\"https:\\\/\\\/alpinepro.com\\\/de\\\/#\\\/schema\\\/person\\\/8b911c54caa417abaa022ab933d9ea07\",\"name\":\"projektackacz\",\"image\":{\"@type\":\"ImageObject\",\"inLanguage\":\"de\",\"@id\":\"https:\\\/\\\/secure.gravatar.com\\\/avatar\\\/9ea822ba2a7d8351f9ed6b849a2b256cfa4807bd6dd3a762ff9af538d2470ef9?s=96&d=mm&r=g\",\"url\":\"https:\\\/\\\/secure.gravatar.com\\\/avatar\\\/9ea822ba2a7d8351f9ed6b849a2b256cfa4807bd6dd3a762ff9af538d2470ef9?s=96&d=mm&r=g\",\"contentUrl\":\"https:\\\/\\\/secure.gravatar.com\\\/avatar\\\/9ea822ba2a7d8351f9ed6b849a2b256cfa4807bd6dd3a762ff9af538d2470ef9?s=96&d=mm&r=g\",\"caption\":\"projektackacz\"},\"sameAs\":[\"https:\\\/\\\/www.projektacka.cz\"],\"url\":\"https:\\\/\\\/alpinepro.com\\\/de\\\/author\\\/projektackacz\\\/\"}]}<\/script>\n<!-- \/ Yoast SEO plugin. -->","yoast_head_json":{"title":"Olympische Kollektion Mailand-Cortina 2026 - ALPINE PRO","description":"Die neue tschechische Olympia-Kollektion f\u00fcr die Winterspiele in Mailand und Cortina 2026 verbindet Retro-Inspirationen aus Cortina 1956 mit Motiven von Vojt\u011bch Preissig.","robots":{"index":"index","follow":"follow","max-snippet":"max-snippet:-1","max-image-preview":"max-image-preview:large","max-video-preview":"max-video-preview:-1"},"canonical":"https:\/\/alpinepro.com\/de\/aktuelles\/olympische-kollektion-mailand-cortina-2026\/","og_locale":"de_DE","og_type":"article","og_title":"Olympische Kollektion Mailand-Cortina 2026 - ALPINE PRO","og_description":"Die neue tschechische Olympia-Kollektion f\u00fcr die Winterspiele in Mailand und Cortina 2026 verbindet Retro-Inspirationen aus Cortina 1956 mit Motiven von Vojt\u011bch Preissig.","og_url":"https:\/\/alpinepro.com\/de\/aktuelles\/olympische-kollektion-mailand-cortina-2026\/","og_site_name":"ALPINE PRO","article_publisher":"https:\/\/www.facebook.com\/alpinepro","article_published_time":"2025-12-16T09:10:21+00:00","article_modified_time":"2026-02-03T13:59:04+00:00","og_image":[{"width":1024,"height":773,"url":"https:\/\/alpinepro.com\/wp-content\/uploads\/2025\/12\/olympic-colection-alpine-pro-2025-1024x773.png","type":"image\/png"}],"author":"projektackacz","twitter_card":"summary_large_image","schema":{"@context":"https:\/\/schema.org","@graph":[{"@type":"Article","@id":"https:\/\/alpinepro.com\/de\/aktuelles\/olympische-kollektion-mailand-cortina-2026\/#article","isPartOf":{"@id":"https:\/\/alpinepro.com\/de\/aktuelles\/olympische-kollektion-mailand-cortina-2026\/"},"author":{"name":"projektackacz","@id":"https:\/\/alpinepro.com\/de\/#\/schema\/person\/8b911c54caa417abaa022ab933d9ea07"},"headline":"Olympische Kollektion Mailand-Cortina 2026","datePublished":"2025-12-16T09:10:21+00:00","dateModified":"2026-02-03T13:59:04+00:00","mainEntityOfPage":{"@id":"https:\/\/alpinepro.com\/de\/aktuelles\/olympische-kollektion-mailand-cortina-2026\/"},"wordCount":476,"publisher":{"@id":"https:\/\/alpinepro.com\/de\/#organization"},"image":{"@id":"https:\/\/alpinepro.com\/de\/aktuelles\/olympische-kollektion-mailand-cortina-2026\/#primaryimage"},"thumbnailUrl":"https:\/\/alpinepro.com\/wp-content\/uploads\/2025\/12\/olympic-colection-alpine-pro-2025.png","articleSection":["Aktuelles"],"inLanguage":"de"},{"@type":"WebPage","@id":"https:\/\/alpinepro.com\/de\/aktuelles\/olympische-kollektion-mailand-cortina-2026\/","url":"https:\/\/alpinepro.com\/de\/aktuelles\/olympische-kollektion-mailand-cortina-2026\/","name":"Olympische Kollektion Mailand-Cortina 2026 - ALPINE PRO","isPartOf":{"@id":"https:\/\/alpinepro.com\/de\/#website"},"primaryImageOfPage":{"@id":"https:\/\/alpinepro.com\/de\/aktuelles\/olympische-kollektion-mailand-cortina-2026\/#primaryimage"},"image":{"@id":"https:\/\/alpinepro.com\/de\/aktuelles\/olympische-kollektion-mailand-cortina-2026\/#primaryimage"},"thumbnailUrl":"https:\/\/alpinepro.com\/wp-content\/uploads\/2025\/12\/olympic-colection-alpine-pro-2025.png","datePublished":"2025-12-16T09:10:21+00:00","dateModified":"2026-02-03T13:59:04+00:00","description":"Die neue tschechische Olympia-Kollektion f\u00fcr die Winterspiele in Mailand und Cortina 2026 verbindet Retro-Inspirationen aus Cortina 1956 mit Motiven von Vojt\u011bch Preissig.","breadcrumb":{"@id":"https:\/\/alpinepro.com\/de\/aktuelles\/olympische-kollektion-mailand-cortina-2026\/#breadcrumb"},"inLanguage":"de","potentialAction":[{"@type":"ReadAction","target":["https:\/\/alpinepro.com\/de\/aktuelles\/olympische-kollektion-mailand-cortina-2026\/"]}]},{"@type":"ImageObject","inLanguage":"de","@id":"https:\/\/alpinepro.com\/de\/aktuelles\/olympische-kollektion-mailand-cortina-2026\/#primaryimage","url":"https:\/\/alpinepro.com\/wp-content\/uploads\/2025\/12\/olympic-colection-alpine-pro-2025.png","contentUrl":"https:\/\/alpinepro.com\/wp-content\/uploads\/2025\/12\/olympic-colection-alpine-pro-2025.png","width":2000,"height":1510},{"@type":"BreadcrumbList","@id":"https:\/\/alpinepro.com\/de\/aktuelles\/olympische-kollektion-mailand-cortina-2026\/#breadcrumb","itemListElement":[{"@type":"ListItem","position":1,"name":"Dom\u016f","item":"https:\/\/alpinepro.com\/de\/"},{"@type":"ListItem","position":2,"name":"Olympische Kollektion Mailand-Cortina 2026"}]},{"@type":"WebSite","@id":"https:\/\/alpinepro.com\/de\/#website","url":"https:\/\/alpinepro.com\/de\/","name":"ALPINE PRO - Sports and outdoor clothing","description":"Sports and outdoor clothing, accessories and footwear","publisher":{"@id":"https:\/\/alpinepro.com\/de\/#organization"},"alternateName":"Sports and outdoor clothing, accessories and footwear","potentialAction":[{"@type":"SearchAction","target":{"@type":"EntryPoint","urlTemplate":"https:\/\/alpinepro.com\/de\/?s={search_term_string}"},"query-input":{"@type":"PropertyValueSpecification","valueRequired":true,"valueName":"search_term_string"}}],"inLanguage":"de"},{"@type":"Organization","@id":"https:\/\/alpinepro.com\/de\/#organization","name":"ALPINE PRO, a.s.","alternateName":"ALPINE PRO, a.s.","url":"https:\/\/alpinepro.com\/de\/","logo":{"@type":"ImageObject","inLanguage":"de","@id":"https:\/\/alpinepro.com\/de\/#\/schema\/logo\/image\/","url":"http:\/\/344013.w13.wedos.ws\/wp-content\/uploads\/2024\/04\/logo_alpine_pro_transp.png","contentUrl":"http:\/\/344013.w13.wedos.ws\/wp-content\/uploads\/2024\/04\/logo_alpine_pro_transp.png","width":850,"height":150,"caption":"ALPINE PRO, a.s."},"image":{"@id":"https:\/\/alpinepro.com\/de\/#\/schema\/logo\/image\/"},"sameAs":["https:\/\/www.facebook.com\/alpinepro","https:\/\/www.instagram.com\/alpineprocz","https:\/\/www.youtube.com\/@alpineprocz8394"]},{"@type":"Person","@id":"https:\/\/alpinepro.com\/de\/#\/schema\/person\/8b911c54caa417abaa022ab933d9ea07","name":"projektackacz","image":{"@type":"ImageObject","inLanguage":"de","@id":"https:\/\/secure.gravatar.com\/avatar\/9ea822ba2a7d8351f9ed6b849a2b256cfa4807bd6dd3a762ff9af538d2470ef9?s=96&d=mm&r=g","url":"https:\/\/secure.gravatar.com\/avatar\/9ea822ba2a7d8351f9ed6b849a2b256cfa4807bd6dd3a762ff9af538d2470ef9?s=96&d=mm&r=g","contentUrl":"https:\/\/secure.gravatar.com\/avatar\/9ea822ba2a7d8351f9ed6b849a2b256cfa4807bd6dd3a762ff9af538d2470ef9?s=96&d=mm&r=g","caption":"projektackacz"},"sameAs":["https:\/\/www.projektacka.cz"],"url":"https:\/\/alpinepro.com\/de\/author\/projektackacz\/"}]}},"_links":{"self":[{"href":"https:\/\/alpinepro.com\/de\/wp-json\/wp\/v2\/posts\/14337","targetHints":{"allow":["GET"]}}],"collection":[{"href":"https:\/\/alpinepro.com\/de\/wp-json\/wp\/v2\/posts"}],"about":[{"href":"https:\/\/alpinepro.com\/de\/wp-json\/wp\/v2\/types\/post"}],"author":[{"embeddable":true,"href":"https:\/\/alpinepro.com\/de\/wp-json\/wp\/v2\/users\/1"}],"replies":[{"embeddable":true,"href":"https:\/\/alpinepro.com\/de\/wp-json\/wp\/v2\/comments?post=14337"}],"version-history":[{"count":5,"href":"https:\/\/alpinepro.com\/de\/wp-json\/wp\/v2\/posts\/14337\/revisions"}],"predecessor-version":[{"id":14822,"href":"https:\/\/alpinepro.com\/de\/wp-json\/wp\/v2\/posts\/14337\/revisions\/14822"}],"wp:featuredmedia":[{"embeddable":true,"href":"https:\/\/alpinepro.com\/de\/wp-json\/wp\/v2\/media\/14341"}],"wp:attachment":[{"href":"https:\/\/alpinepro.com\/de\/wp-json\/wp\/v2\/media?parent=14337"}],"wp:term":[{"taxonomy":"category","embeddable":true,"href":"https:\/\/alpinepro.com\/de\/wp-json\/wp\/v2\/categories?post=14337"},{"taxonomy":"post_tag","embeddable":true,"href":"https:\/\/alpinepro.com\/de\/wp-json\/wp\/v2\/tags?post=14337"}],"curies":[{"name":"wp","href":"https:\/\/api.w.org\/{rel}","templated":true}]}}